{"id":10,"date":"2023-12-06T20:54:05","date_gmt":"2023-12-06T19:54:05","guid":{"rendered":"https:\/\/assiegees.com\/?p=10"},"modified":"2024-05-31T23:09:31","modified_gmt":"2024-05-31T21:09:31","slug":"les-ruines-doivent-etre-habitees-pour-pouvoir-etre-reparees","status":"publish","type":"post","link":"https:\/\/assiegees.com\/index.php\/2023\/12\/06\/les-ruines-doivent-etre-habitees-pour-pouvoir-etre-reparees\/","title":{"rendered":"LES RUINES DOIVENT \u00caTRE HABIT\u00c9ES POUR POUVOIR \u00caTRE R\u00c9PAR\u00c9ES"},"content":{"rendered":"\n<p><strong>Ce texte est une traduction re-travaill\u00e9e par Ariella A\u00efsha Azoulay en tenant compte de l&#8217;\u00e9volution de la situation en Palestine. Publi\u00e9 sous sa premi\u00e8re version sur <a href=\"https:\/\/www.jadaliyya.com\/Details\/45259\">Jadaliyya<\/a>, nous avons souhait\u00e9 le traduire entre juifs et musulmans du continuum colonial fran\u00e7ais, avec la participation de l&#8217;auteure, de Malek Cheikh et de Y, tous trois issues de la r\u00e9gion oranaise en Alg\u00e9rie.&nbsp;Nous remercions Jean-Baptiste Naudy \u00e9diteur chez Rot-bo-krik qui a particip\u00e9 \u00e0 la mise en forme du texte en fran\u00e7ais.&nbsp;<\/strong><strong>\u00ab Les ruines doivent \u00eatre habit\u00e9es pour pouvoir \u00eatre r\u00e9par\u00e9es \u00bb situe la Nakba actuelle dans ses racines euro-coloniales et antis\u00e9mites. Une histoire potentielle selon Ariella A\u00efsha Azoulay, refuse une histoire qui s&#8217;impose comme fait accompli, sur laquelle il serait impossible de revenir.&nbsp;<\/strong><strong>Ce texte transgresse le champ de l&#8217;impossible. Il fait r\u00e9sonner une voix juive alg\u00e9rienne et palestinienne qui fait le r\u00e9cit d&#8217;une triple destruction : \u00ab celle de la Palestine, celle de la diversit\u00e9 des communaut\u00e9s juives et celle des communaut\u00e9s juives musulmanes de par le monde. \u00bb&nbsp;<\/strong><\/p>\n\n\n\n<p><strong><\/strong>Pourquoi r\u00e9\u00e9crire un texte quelques semaines apr\u00e8s l&#8217;avoir publi\u00e9 ?<\/p>\n\n\n\n<p>Parce que quelque chose d&#8217;horrible se d\u00e9roule en Palestine<\/p>\n\n\n\n<p>et parce que cela nous arrive \u00e0 nous aussi, une fois de plus.<\/p>\n\n\n\n<p>Qui est ce <em>nous <\/em>? L&#8217;humanit\u00e9.<\/p>\n\n\n\n<p>L&#8217;horreur de la Nakba se r\u00e9p\u00e8te sur nos \u00e9crans,<\/p>\n\n\n\n<p>directement diffus\u00e9e par les victimes, qui nous envoient aussi leurs t\u00e9moignages.<\/p>\n\n\n\n<p>Nous ne savons m\u00eame pas si elles sont encore vivantes<\/p>\n\n\n\n<p>quand leurs messages nous parviennent<\/p>\n\n\n\n<p>puisque le g\u00e9nocide se poursuit gr\u00e2ce \u00e0 l&#8217;argent et aux armes<\/p>\n\n\n\n<p>que les \u00c9tats-Unis et l&#8217;Europe continuent d&#8217;envoyer en Isra\u00ebl,<\/p>\n\n\n\n<p>pour que se r\u00e9p\u00e8te 1948.<\/p>\n\n\n\n<p>Dans un de ces t\u00e9moignages, un Palestinien du nom de Nizar \u00e9crit<\/p>\n\n\n\n<p>depuis le c\u0153ur de ces crimes contre l&#8217;humanit\u00e9<\/p>\n\n\n\n<p>qui sont inscrits sur leurs corps,<\/p>\n\n\n\n<p>\u00ab Nous nous sentons tr\u00e8s proches de la mort ici \u00e0 Gaza,<\/p>\n\n\n\n<p>nous sentons la mort \u00e0 chaque seconde. Nous sentons l&#8217;odeur de la mort partout. \u00bb<\/p>\n\n\n\n<p>Je ne sais toujours pas si Nizar a pu prot\u00e9ger ses enfants apr\u00e8s qu&#8217;il ait d\u00e9crit<\/p>\n\n\n\n<p>combien il est difficile de les regarder dans les yeux :<\/p>\n\n\n\n<p>\u00ab On n&#8217;y voit que de la peur et des larmes, vous sentez bien<\/p>\n\n\n\n<p>que vous n&#8217;\u00eates pas capable de les prot\u00e9ger ou de les sauver \u00bb.<\/p>\n\n\n\n<p>Ne sachant que trop bien que les projets d&#8217;extermination des nazis<\/p>\n\n\n\n<p>inscrits sur le corps des Juifs, des Roms, des queers et d&#8217;autres encore,<\/p>\n\n\n\n<p>ne seraient, h\u00e9las, pas les derniers, Hannah Arendt se rendit \u00e0 J\u00e9rusalem<\/p>\n\n\n\n<p>pour assister au proc\u00e8s d&#8217;Eichmann, et nous en a fait un rapport d\u00e9taill\u00e9<\/p>\n\n\n\n<p>pour que nous n&#8217;oubliions jamais le principe des crimes contre l&#8217;humanit\u00e9,<\/p>\n\n\n\n<p>ces m\u00eames crimes que ce tribunal \u00e9choua \u00e0 \u00e9noncer clairement en 1961.<\/p>\n\n\n\n<figure class=\"wp-block-image\"><img decoding=\"async\" src=\"https:\/\/www.xn--assig-e-s-e4ab.com\/images\/easyblog_articles\/13\/b2ap3_thumbnail_WhatsApp-Image-2023-12-08-at-11.21.06.jpeg\" alt=\"\"\/><\/figure>\n\n\n\n<p>Journalistes palestiniennes. Ghalia Hamad \u00e9crit en l\u00e9gende : &#8220;Dans les yeux, mille larmes et un serrement&#8230; nous aurions d\u00fb nous rassembler dans nos maisons d\u00e9truites au lieu de rester assis \u00e0 regarder l&#8217;impuissance des enfants. passer devant nous par dizaines.&#8221;<\/p>\n\n\n\n<p><br>Ces crimes sont inscrits sur les corps de leurs victimes.<\/p>\n\n\n\n<p>Et d\u00e8s que ces groupes racialis\u00e9s sont pris pour cible<\/p>\n\n\n\n<p>ce sont les fondements m\u00eame de leurs communaut\u00e9s qui sont attaqu\u00e9s.<\/p>\n\n\n\n<p>Ces crimes mettent la communaut\u00e9 en p\u00e9ril et saccagent sa loi.<\/p>\n\n\n\n<p>Quelle que soit la d\u00e9finition de cette communaut\u00e9 \u2014 nation, \u00e9tat, village, peuple \u2014<\/p>\n\n\n\n<p>la loi que l&#8217;on saccage est celle de la diversit\u00e9 humaine.<\/p>\n\n\n\n<p>Vider la Palestine des Palestiniennes et des Palestiniens et cr\u00e9er un \u00e9tat<\/p>\n\n\n\n<p>pour emp\u00eacher leur retour \u00e9tait un crime contre l&#8217;humanit\u00e9.<\/p>\n\n\n\n<p>Les responsables, celles et ceux qui l&#8217;ont mis en \u0153uvre,<\/p>\n\n\n\n<p>\u00e9taient des juives et des juifs sionistes,<\/p>\n\n\n\n<p>form\u00e9s en Europe \u00e0 devenir des agents coloniaux.<\/p>\n\n\n\n<p>Dans le sillage de la Seconde Guerre mondiale<\/p>\n\n\n\n<p>les puissances imp\u00e9riales euro-am\u00e9ricaines ont confi\u00e9 la Palestine aux sionistes<\/p>\n\n\n\n<p>par la voix de l&#8217;organisation internationale<\/p>\n\n\n\n<p>qu&#8217;elles avaient cr\u00e9\u00e9e \u00e0 la fin de cette guerre pour les aider \u00e0 imposer<\/p>\n\n\n\n<p>un <em>nouvel ordre mondial<\/em>.<\/p>\n\n\n\n<p>La Palestine est \u00e0 vous, dirent-elles, en vertu du droit des Nations Unies.<\/p>\n\n\n\n<p>Et ce faisant, elles ont d\u00e9sign\u00e9 les Palestiniennes et les Palestiniens<\/p>\n\n\n\n<p>comme les corps sur lesquels ces crimes contre l&#8217;humanit\u00e9 seraient inscrits.<\/p>\n\n\n\n<p>Ces derni\u00e8res semaines, un des lieux de m\u00e9moire de ces crimes,<\/p>\n\n\n\n<p>Gaza, invent\u00e9 en 1948 comme une \u00ab bande \u00bb, un bout de territoire \u00e9troit<\/p>\n\n\n\n<p>dans lequel deux cent mille expuls\u00e9s furent entass\u00e9s dans huit camps de r\u00e9fugi\u00e9s,<\/p>\n\n\n\n<p>a \u00e9t\u00e9 partiellement balay\u00e9 de la surface de la terre.<\/p>\n\n\n\n<p>Alors m\u00eame que la m\u00e9moire de ces crimes<\/p>\n\n\n\n<p>et des vies que les Palestiniennes et les Palestiniens<\/p>\n\n\n\n<p>avaient reconstruites \u00e0 Gaza est ras\u00e9e,<\/p>\n\n\n\n<p>la m\u00e9moire d&#8217;une nouvelle Nakba est inscrite, tatou\u00e9e<\/p>\n\n\n\n<p>sur les corps des descendantes et des descendants de la Nakba de 1948,<\/p>\n\n\n\n<p>et de leurs enfants.<\/p>\n\n\n\n<p>Et le gouvernement de l&#8217;\u00e9tat d&#8217;Isra\u00ebl, \u00e0 l&#8217;unisson<\/p>\n\n\n\n<p>avec les gouvernements occidentaux, voudrait nous faire croire<\/p>\n\n\n\n<p>que ce g\u00e9nocide n&#8217;a pas lieu.<\/p>\n\n\n\n<p>Les crimes contre l&#8217;humanit\u00e9 ne sont pas d\u00e9finis par les souffrances des victimes,<\/p>\n\n\n\n<p>aussi grandes soient-elles.<\/p>\n\n\n\n<p>L&#8217;attaque meurtri\u00e8re du 7 octobre contre les Isra\u00e9liennes et les Isra\u00e9liens,<\/p>\n\n\n\n<p>\u00e9tait un acte de r\u00e9sistance des Palestiniennes et des Palestiniens contre<\/p>\n\n\n\n<p>\u00ab les mille morts \u00bb qu&#8217;elles et ils ont subi depuis 1948.<\/p>\n\n\n\n<p>Il ne faut pas l&#8217;oublier, et on peut refuser de justifier cette attaque,<\/p>\n\n\n\n<p>et pourtant le redire \u00e0 voix haute, quand cette attaque est utilis\u00e9e<\/p>\n\n\n\n<p>pour justifier un crime contre l&#8217;humanit\u00e9,<\/p>\n\n\n\n<p>dont le but est d&#8217;\u00e9liminer les Palestiniennes et les Palestiniens<\/p>\n\n\n\n<p>parce qu&#8217;elles sont Palestiniennes, parce qu&#8217;ils sont Palestiniens,<\/p>\n\n\n\n<p>et de ce fait une menace \u00e0 la souverainet\u00e9 isra\u00e9lienne,<\/p>\n\n\n\n<p>qui ne les veut pas l\u00e0, \u00e0 savoir, en terre palestinienne.<\/p>\n\n\n\n<p>Un g\u00e9nocide se d\u00e9roule par \u00e9tapes<\/p>\n\n\n\n<p>qui peuvent \u00eatre longues et d\u00e9connect\u00e9es, ou bien rapides et enchev\u00eatr\u00e9es :<\/p>\n\n\n\n<p>expulsion, concentration, meurtre.<\/p>\n\n\n\n<p>Ces \u00e9tapes ne se produisent pas toujours dans cet ordre,<\/p>\n\n\n\n<p>mais elles partagent un m\u00eame but : \u00e9liminer un ou plusieurs groupes,<\/p>\n\n\n\n<p>afin d&#8217;inventer un peuple ou un corps politique<\/p>\n\n\n\n<p>d\u00e9barrass\u00e9 de la pr\u00e9sence de ces groupes.<\/p>\n\n\n\n<p>Avec du recul, ce g\u00e9nocide se poursuit depuis 1948,<\/p>\n\n\n\n<p>et il est enchev\u00eatr\u00e9 au g\u00e9nocide<\/p>\n\n\n\n<p>inscrit sur les corps des juives et des juifs \u2014 et ils ont une m\u00eame origine<\/p>\n\n\n\n<p>les technologies et imaginaires racialistes et colonisateurs euro-am\u00e9ricains.<\/p>\n\n\n\n<p>En cela, nous devons nous souvenir,<\/p>\n\n\n\n<p>que l&#8217;\u00e9tat d&#8217;Isra\u00ebl fut aussi cr\u00e9\u00e9 dans le but d&#8217;\u00e9liminer les juives et les juifs,<\/p>\n\n\n\n<p>de les priver de leur longue histoire, de leurs m\u00e9moires indisciplin\u00e9es,<\/p>\n\n\n\n<p>dans le but de les faire dispara\u00eetre sous une nouvelle cat\u00e9gorie de juifs,<\/p>\n\n\n\n<p>les Isra\u00e9liens.<\/p>\n\n\n\n<p>Nous avons besoin d&#8217;une \u00ab histoire potentielle \u00bb<sup>1<\/sup><a><\/a>,<\/p>\n\n\n\n<p>pour contrer la discipline de l&#8217;histoire<\/p>\n\n\n\n<p>qui consid\u00e8re ce qui a \u00e9t\u00e9 perp\u00e9tr\u00e9 par la violence<\/p>\n\n\n\n<p>comme un fait accompli, sur lequel on ne peut revenir.<\/p>\n\n\n\n<p>L&#8217;histoire potentielle refuse de consid\u00e9rer la partition de la Palestine,<\/p>\n\n\n\n<p>entam\u00e9e en 1947, comme un fait accompli<\/p>\n\n\n\n<p>(la premi\u00e8re \u00e9tant les accords de Sykes-Picot)<\/p>\n\n\n\n<p>et Isra\u00ebl comme son avenir in\u00e9vitable ;<\/p>\n\n\n\n<p>elle refuse d&#8217;oublier le r\u00f4le et les int\u00e9r\u00eats de l&#8217;Europe puis des \u00c9tats-Unis<\/p>\n\n\n\n<p>dans la formation de ce projet colonial et dans sa perp\u00e9tuation, jusqu&#8217;aujourd&#8217;hui.<br><\/p>\n\n\n\n<p>Faire de la Palestine une question fut le d\u00e9but d&#8217;un projet colonial.<\/p>\n\n\n\n<p>Un lieu ne peut \u00eatre transform\u00e9 en question \u00e0 moins que des entrepreneurs d&#8217;empire<\/p>\n\n\n\n<p>ne le m\u00e9prisent en tant que monde et n&#8217;y voient que des ressources \u00e0 extraire.<\/p>\n\n\n\n<p>Faire d&#8217;un peuple une question, la \u00ab question juive \u00bb, fut aussi<\/p>\n\n\n\n<p>le d\u00e9but d&#8217;un projet colonial.<\/p>\n\n\n\n<p>Un peuple ne peut \u00eatre transform\u00e9 en question \u00e0 moins que<\/p>\n\n\n\n<p>des entrepreneurs d&#8217;empire<\/p>\n\n\n\n<p>ne forcent les gens et les communaut\u00e9s qui les entourent \u00e0 abandonner<\/p>\n\n\n\n<p>leurs modes de vie tout en commen\u00e7ant \u00e0 fa\u00e7onner<\/p>\n\n\n\n<p>des \u00ab solutions \u00bb pour se d\u00e9barrasser d&#8217;eux,<\/p>\n\n\n\n<p>au b\u00e9n\u00e9fice de leurs seuls int\u00e9r\u00eats.<\/p>\n\n\n\n<p>Ce type de violence fondatrice, qui transforme un lieu ou un peuple<\/p>\n\n\n\n<p>en question, est souvent enterr\u00e9e sous d&#8217;autres vagues de violence,<\/p>\n\n\n\n<p>dans le but de faire oublier,<\/p>\n\n\n\n<p>m\u00eame \u00e0 celles et ceux qui ont \u00e9t\u00e9 colonis\u00e9s par la question imp\u00e9riale,<\/p>\n\n\n\n<p>qu&#8217;elles et ils ne luttent pas seulement contre les responsables actuels mais aussi<\/p>\n\n\n\n<p>contre ceux qui les ont forc\u00e9s \u00e0 devenir une question ou une solution.<\/p>\n\n\n\n<p><em>C&#8217;est de l\u00e0 que je suis partie quand j&#8217;ai \u00e9crit ce texte en Septembre.<\/em><\/p>\n\n\n\n<p>Quiconque parle de la <em>question de la Palestine<\/em><\/p>\n\n\n\n<p>doit commencer par dire d&#8217;abord qui elle est, qui il est,<\/p>\n\n\n\n<p>comment cette question l&#8217;impacte,<\/p>\n\n\n\n<p>ou dans quelle mesure elle ou il est impliqu\u00e9 dans le maintien de la Palestine<\/p>\n\n\n\n<p>en tant que question imp\u00e9riale,<\/p>\n\n\n\n<p>pour laquelle, par d\u00e9finition, il n&#8217;y a que des solutions imp\u00e9riales.<\/p>\n\n\n\n<p>Donc, qui suis-je ?<\/p>\n\n\n\n<p>Je suis une Juive palestinienne &#8211; une esp\u00e8ce aujourd&#8217;hui presque \u00e9teinte.<\/p>\n\n\n\n<p>Et je suis une Juive alg\u00e9rienne, une autre de ces esp\u00e8ces en voie d&#8217;extinction.<\/p>\n\n\n\n<p>Pourquoi parler d&#8217;extinction?<\/p>\n\n\n\n<p>Parce que des termes en apparence aussi innocents que<\/p>\n\n\n\n<p>libert\u00e9, peuple, nation, \u00e9tat-nation, droit international ou souverainet\u00e9<\/p>\n\n\n\n<p>ne sont pas que des concepts, ce sont aussi<\/p>\n\n\n\n<p>des technologies imp\u00e9riales euro-chr\u00e9tiennes, qui ont \u00e9t\u00e9 utilis\u00e9es pour \u00e9liminer<\/p>\n\n\n\n<p>ces identit\u00e9s et ces formes d&#8217;appartenance<\/p>\n\n\n\n<p>qui \u00e9taient per\u00e7ues comme des obstacles \u00e0 l&#8217;invention des nations modernes,<\/p>\n\n\n\n<p>dont la nation moderne juive,<\/p>\n\n\n\n<p>des nations qui reposent sur le fantasme d&#8217;un corps politique homog\u00e8ne,<\/p>\n\n\n\n<p>que les appareils d&#8217;\u00e9tat, d&#8217;\u00e9tat-nation, se doivent de garantir.<\/p>\n\n\n\n<p>Pour cr\u00e9er, \u00e0 la fin du 18\u00e8me si\u00e8cle, une nation juive moderne,<\/p>\n\n\n\n<p>la violence imp\u00e9riale s&#8217;est d&#8217;abord abattue sur les communaut\u00e9s juives,<\/p>\n\n\n\n<p>des communaut\u00e9s qui \u00e9taient diff\u00e9rentes les unes des autres<\/p>\n\n\n\n<p>et dispers\u00e9es de par le monde,<\/p>\n\n\n\n<p>pour les forcer \u00e0 se reconna\u00eetre dans cette entit\u00e9 fabriqu\u00e9e \u2014<\/p>\n\n\n\n<p>une entit\u00e9 \u00e9trang\u00e8re \u00e0 leurs croyances, \u00e0 leurs pratiques, \u00e0 leurs lois,<\/p>\n\n\n\n<p>qui n&#8217;avaient jamais \u00e9t\u00e9 centralis\u00e9es ni homog\u00e8nes.<\/p>\n\n\n\n<p>C&#8217;est ainsi que le probl\u00e8me juif et sa \u00ab premi\u00e8re solution \u00bb \u2014 l&#8217;unification \u2014 sont n\u00e9s.<\/p>\n\n\n\n<p>Ces efforts d&#8217;unification ont \u00e9t\u00e9 men\u00e9s \u00e0 bien par la violence<\/p>\n\n\n\n<p>de l&#8217;assimilation et de l&#8217;\u00e9mancipation,<\/p>\n\n\n\n<p>dans le but d&#8217;\u00e9liminer les Juives et les juifs et d&#8217;en faire quelque chose d&#8217;autre.<\/p>\n\n\n\n<p>Ces efforts ont \u00e9chou\u00e9 car les Juives et les juifs sont rest\u00e9s,<\/p>\n\n\n\n<p>dans l&#8217;imaginaire europ\u00e9en, un probl\u00e8me.<\/p>\n\n\n\n<p>Les sionistes chr\u00e9tiens et des organisations comme<\/p>\n\n\n\n<p>la \u00ab Soci\u00e9t\u00e9 londonienne de promotion du christianisme parmi les juifs \u00bb,<\/p>\n\n\n\n<p>qui d\u00e8s le d\u00e9but du 19e si\u00e8cle avaient des antennes en Palestine,<\/p>\n\n\n\n<p>avaient d\u00e9j\u00e0 fait de la Palestine \u00ab une question \u00bb<\/p>\n\n\n\n<p>et mobilisaient la place particuli\u00e8re de la Palestine, de Sion,<\/p>\n\n\n\n<p>dans le c\u0153ur des Juives et des Juifs, pour servir un projet politique<\/p>\n\n\n\n<p>qui leur attribuait un r\u00f4le dans la conception imp\u00e9riale chr\u00e9tienne du monde.<\/p>\n\n\n\n<figure class=\"wp-block-image\"><img decoding=\"async\" src=\"https:\/\/www.xn--assig-e-s-e4ab.com\/images\/easyblog_articles\/13\/b2ap3_thumbnail_Christ-Church_First-Protestant_Church_-Jerusalem_18__March_1845.jpeg\" alt=\"\"\/><\/figure>\n\n\n\n<p>[FIG. 1 CHRIS CHURCH, LA PREMI\u00c8RE \u00c9GLISE PROTESTANTE DE J\u00c9RUSALEM, 18 MARS 1845]<\/p>\n\n\n\n<p>L&#8217;assimilation fut entrem\u00eal\u00e9e \u00e0 la conversion, et suite \u00e0 son imposition,<\/p>\n\n\n\n<p>de nombreuses Juives et Juifs en Europe \u2013 dont il \u00e9tait attendu<\/p>\n\n\n\n<p>qu&#8217;ils vivent comme des chr\u00e9tiens la\u00efcs<\/p>\n\n\n\n<p>et qu&#8217;ils ne soient Juifs que chez eux \u2013 se sont convertis et ont men\u00e9<\/p>\n\n\n\n<p>ces missions en Palestine.<\/p>\n\n\n\n<p>Cette \u00e9glise, fond\u00e9e \u00e0 J\u00e9rusalem au d\u00e9but des ann\u00e9es 1840, en est un exemple.<\/p>\n\n\n\n<p>La plupart des histoires du sionisme n\u00e9gligent le fait<\/p>\n\n\n\n<p>que depuis le d\u00e9but du 19e si\u00e8cle, ce sont des sionistes non juifs<\/p>\n\n\n\n<p>de France, d&#8217;Angleterre et d&#8217;Allemagne qui ont \u00e9labor\u00e9<\/p>\n\n\n\n<p>les premiers plans de colonisation de la Palestine<\/p>\n\n\n\n<p>par les Juives et les Juifs, dont on ne voulait pas en Europe,<\/p>\n\n\n\n<p>\u00e0 moins qu&#8217;ils ne se convertissent et ne remplissent cette mission.<\/p>\n\n\n\n<p>Ce n&#8217;est que plus tard, avec la mont\u00e9e du racisme contre les juives et les juifs<\/p>\n\n\n\n<p>et l&#8217;expansion contagieuse de la nation et du nationalisme<\/p>\n\n\n\n<p>(et des technologies violentes qui les imposent), que l&#8217;imaginaire politique<\/p>\n\n\n\n<p>d&#8217;un monde uniquement organis\u00e9 sous le forme d&#8217;\u00e9tats-nations fut consolid\u00e9,<\/p>\n\n\n\n<p>et que les Juives et les juifs d&#8217;Europe furent progressivement form\u00e9s et incit\u00e9s<\/p>\n\n\n\n<p>\u00e0 se transplanter en Palestine et \u00e0 adopter ce projet europ\u00e9en \u2014<\/p>\n\n\n\n<p>un projet qui visait \u00e0 se d\u00e9barrasser d&#8217;eux \u2014 en tant que leur projet de lib\u00e9ration,<\/p>\n\n\n\n<p>qui leur permettrait d&#8217;enfin regagner leur dignit\u00e9 humaine,<\/p>\n\n\n\n<p>qui avait \u00e9t\u00e9 \u00e9cras\u00e9e et bless\u00e9e par l&#8217;Europe.<\/p>\n\n\n\n<p>Tout au long du 20e si\u00e8cle, l&#8217;Europe a continu\u00e9 \u00e0 chercher<\/p>\n\n\n\n<p>des solutions territoriales, c&#8217;est-\u00e0-dire coloniales, des lieux o\u00f9<\/p>\n\n\n\n<p>les Juives et les juifs pourraient \u00eatre transplant\u00e9s :<\/p>\n\n\n\n<p>l&#8217;Ouganda, Madagascar, Theresienstadt,<\/p>\n\n\n\n<p>jusqu&#8217;\u00e0 ce que, finalement, la Palestine soit \u00ab choisie \u00bb.<\/p>\n\n\n\n<p>\u00c0 la fin de la Premi\u00e8re Guerre mondiale, la Palestine avait d\u00e9j\u00e0 \u00e9t\u00e9<\/p>\n\n\n\n<p>conquise par l&#8217;Europe, s\u00e9par\u00e9e de la Syrie, et r\u00e9partie comme un troph\u00e9e<\/p>\n\n\n\n<p>entre les Britanniques et les Fran\u00e7ais, en partie aussi pour punir l&#8217;Allemagne.<\/p>\n\n\n\n<p>Ces trois m\u00eames pays europ\u00e9ens portaient la responsabilit\u00e9 d&#8217;avoir invent\u00e9<\/p>\n\n\n\n<p>diff\u00e9rents juifs en tant que peuple juif,<\/p>\n\n\n\n<p>un peuple qui avait cette particularit\u00e9 de ne pas avoir de terre.<\/p>\n\n\n\n<p>C&#8217;est ainsi que la solution au \u00ab probl\u00e8me juif \u00bb a commenc\u00e9 \u00e0 \u00eatre enchev\u00eatr\u00e9e<\/p>\n\n\n\n<p>\u00e0 la question de la Palestine.<\/p>\n\n\n\n<p>C&#8217;est ainsi que la Palestine a pu devenir une colonie, de peuplement qui plus est \u2014<\/p>\n\n\n\n<p>un projet europ\u00e9en confi\u00e9 aux sionistes qui finirent par prendre part<\/p>\n\n\n\n<p>\u00e0 la \u00ab r\u00e9solution \u00bb du probl\u00e8me que les juifs et juives posaient \u00e0 l&#8217;Europe,<\/p>\n\n\n\n<p>et \u00e0 se mettre au service de la solution \u00e0 la grande peur de l&#8217;Europe<\/p>\n\n\n\n<p>de perdre la Palestine au profit de ses habitantes et de ses habitants,<\/p>\n\n\n\n<p>qui r\u00e9sistaient \u00e0 son pouvoir colonial, et contestaient les torts qui leur \u00e9taient faits.<\/p>\n\n\n\n<p>C&#8217;est ainsi qu&#8217;un \u00e9tat-nation juif \u00ab pareil \u00e0 tous les autres \u00bb put voir le jour<\/p>\n\n\n\n<p>et que ses dirigeants purent passer pour les repr\u00e9sentants<\/p>\n\n\n\n<p>de la population juive mondiale.<\/p>\n\n\n\n<p>C&#8217;est \u00e0 la fin de la Seconde Guerre mondiale<\/p>\n\n\n\n<p>que la colonisation sioniste de la Palestine<\/p>\n\n\n\n<p>\u00e9mergea comme une solution \u00e0 un autre probl\u00e8me encore :<\/p>\n\n\n\n<p>la responsabilit\u00e9 de l&#8217;Europe dans les crimes contre l&#8217;humanit\u00e9<\/p>\n\n\n\n<p>inscrits sur les corps des juives et des juifs.<\/p>\n\n\n\n<p>Et ainsi l&#8217;Europe, \u00e9chappant \u00e0 sa responsabilit\u00e9 dans la cr\u00e9ation<\/p>\n\n\n\n<p>de la \u00ab question juive \u00bb \u2014 pour laquelle le g\u00e9nocide \u00e9tait une des \u00ab solutions \u00bb \u2014<\/p>\n\n\n\n<p>et de la \u00ab question de la Palestine \u00bb,<\/p>\n\n\n\n<p>pu promettre la Palestine aux sionistes (ce n&#8217;\u00e9tait pas la premi\u00e8re fois),<\/p>\n\n\n\n<p>\u00e0 la condition que d\u00e9sormais les Palestiniennes et les Palestiniens,<\/p>\n\n\n\n<p>et par extension, les Arabes, les Musulmanes et les Musulmans,<\/p>\n\n\n\n<p>deviennent leurs ennemis, et que les sionistes m\u00e8nent le combat contre eux.<\/p>\n\n\n\n<p>Depuis les ann\u00e9es 1930, la Palestine avait aussi accueilli<\/p>\n\n\n\n<p>des r\u00e9fugi\u00e9s fuyant l&#8217;Europe, et dont la plupart n&#8217;\u00e9taient pas sionistes.<\/p>\n\n\n\n<p>L&#8217;opposition \u00e0 la cr\u00e9ation d&#8217;un \u00e9tat pour les juives et les juifs en Palestine,<\/p>\n\n\n\n<p>\u00e9tait \u00e9norme chez celles et ceux qui habitaient la Palestine,<\/p>\n\n\n\n<p>de m\u00eame que dans les pays environnants,<\/p>\n\n\n\n<p>dont les juives et les juifs qui avaient toujours v\u00e9cu l\u00e0,<\/p>\n\n\n\n<p>et qui craignaient qu&#8217;un tel \u00e9tat ne mette fin au monde juif musulman.<\/p>\n\n\n\n<p>Mais cet \u00e9tat fut n\u00e9anmoins proclam\u00e9<\/p>\n\n\n\n<p>et imm\u00e9diatement reconnu par l&#8217;ONU \u2014 cette organisation internationale<\/p>\n\n\n\n<p>cr\u00e9\u00e9e par les forces imp\u00e9riales euro-am\u00e9ricaines pour leur permettre<\/p>\n\n\n\n<p>de pr\u00e9server leurs colonies partout en Afrique<\/p>\n\n\n\n<p>et de consolider le \u00ab nouvel ordre mondial \u00bb auquel elles pr\u00e9sidaient.<\/p>\n\n\n\n<p>Dans cet \u00e9tat-nation, la nationalisation de l&#8217;identit\u00e9 des juives et des juifs<\/p>\n\n\n\n<p>fut pouss\u00e9e \u00e0 l&#8217;extr\u00eame.<\/p>\n\n\n\n<p>Ce que ces technologies produisirent fut une forme de nationalit\u00e9<\/p>\n\n\n\n<p>que les euro-sionistes eurent plus tard le pouvoir d&#8217;imposer<\/p>\n\n\n\n<p>\u00e0 des enfants comme moi, n\u00e9s dans les fabriques \u00e0 humains<\/p>\n\n\n\n<p>qui apparurent dans la colonie sioniste de Palestine,<\/p>\n\n\n\n<p>une identit\u00e9 nationale compl\u00e8tement fabriqu\u00e9e : les Isra\u00e9liens de confession juive.<\/p>\n\n\n\n<p>Il faut le dire sans d\u00e9tour : cette identit\u00e9 fut con\u00e7ue<\/p>\n\n\n\n<p>pour emp\u00eacher le retour des Palestiniennes et des Palestiniens,<\/p>\n\n\n\n<p>le retour de la Palestine,<\/p>\n\n\n\n<p>et contre les histoires riches et diverses des communaut\u00e9s juives,<\/p>\n\n\n\n<p>dont beaucoup vivaient au sein des communaut\u00e9s musulmanes.<\/p>\n\n\n\n<p>En revendiquant et en incarnant ces identit\u00e9s presque \u00e9teintes,<\/p>\n\n\n\n<p>juive palestinienne et juive alg\u00e9rienne, je refuse de me reconna\u00eetre<\/p>\n\n\n\n<p>dans l&#8217;identit\u00e9 nationale \u00ab isra\u00e9lienne \u00bb<\/p>\n\n\n\n<p>qui fut invent\u00e9e dans le but de rendre impossible le retour de la Palestine,<\/p>\n\n\n\n<p>et des Palestiniennes et Palestiniens sur leurs terres, de m\u00eame que notre retour<\/p>\n\n\n\n<p>en tant que juives et juifs, au monde de nos anc\u00eatres,<\/p>\n\n\n\n<p>dans lequel nous appartenions \u00e0 des communaut\u00e9s diverses.<\/p>\n\n\n\n<p>Les Juives et les Juifs n&#8217;avaient pas de terres que l&#8217;Europe aurait pu coloniser ;<\/p>\n\n\n\n<p>elles et ils poss\u00e9daient plut\u00f4t une forte identit\u00e9 de groupe,<\/p>\n\n\n\n<p>\u2014 ce que Franz Fanon appelle une \u00ab r\u00e9sistance ontologique \u00bb \u2014<\/p>\n\n\n\n<p>qu&#8217;elles et ils ont pr\u00e9serv\u00e9 et transmis \u00e0 leurs enfants pendant des si\u00e8cles<\/p>\n\n\n\n<p>au travers de principes, de pratiques et de formations sociales et spirituelles.<\/p>\n\n\n\n<p>L&#8217;Europe a cherch\u00e9 \u00e0 d\u00e9truire et \u00e0 remplacer cette identit\u00e9 de groupe<\/p>\n\n\n\n<p>avec ses propres formes, principes, croyances et technologies d&#8217;organisation,<\/p>\n\n\n\n<p>ou pour le dire sans d\u00e9tour, \u00e0 la coloniser.<\/p>\n\n\n\n<p>La colonisation s&#8217;en prend le plus souvent aux terres.<\/p>\n\n\n\n<p>Les juives et les juifs n&#8217;ayant pas de terres,<\/p>\n\n\n\n<p>l&#8217;Europe s&#8217;est employ\u00e9e \u00e0 coloniser leur esprit<\/p>\n\n\n\n<p>\u00e0 d\u00e9truire cette r\u00e9sistance ontologique identitaire par<\/p>\n\n\n\n<p>le s\u00e9cularisme imp\u00e9rial d\u00e9vorant de l&#8217;Europe et \u00e0 dissoudre<\/p>\n\n\n\n<p>leur autonomie et leurs principes d&#8217;organisation propres.<\/p>\n\n\n\n<p>La colonisation des juives et des juifs, d&#8217;abord en Europe puis<\/p>\n\n\n\n<p>dans ce qu&#8217;on appelle l&#8217;Afrique du Nord et le Moyen Orient,<\/p>\n\n\n\n<p>cibla et chercha \u00e0 d\u00e9truire la diversit\u00e9 de leurs identit\u00e9s,<\/p>\n\n\n\n<p>de leurs formes d&#8217;appartenance, de leurs pratiques, de leurs croyances<\/p>\n\n\n\n<p>et \u00e0 les soumettre \u00e0 une unique loi mosa\u00efque codifi\u00e9e par Napol\u00e9on<\/p>\n\n\n\n<p>qui aplanit la pluralit\u00e9 des lois et des pratiques qu&#8217;elles et ils ch\u00e9rissaient,<\/p>\n\n\n\n<p>et au contr\u00f4le des pouvoirs coloniaux de l&#8217;\u00e9tat moderne.<\/p>\n\n\n\n<p>L&#8217;Europe avait un int\u00e9r\u00eat \u00e9vident \u00e0 associer les \u00ab solutions \u00bb au<\/p>\n\n\n\n<p>\u00ab probl\u00e8me juif \u00bb aux seuls nazis, pour que disparaisse l&#8217;origine<\/p>\n\n\n\n<p>de \u00ab la question \u00bb, \u00e0 savoir la formation coloniale de l&#8217;Europe des Lumi\u00e8res,<\/p>\n\n\n\n<p>qui for\u00e7a d&#8217;une part des Juives et des Juifs divers \u00e0 se repr\u00e9senter eux-m\u00eames<\/p>\n\n\n\n<p>en tant que membres d&#8217;un seul et m\u00eame peuple \u2014 le peuple juif,<\/p>\n\n\n\n<p>avec une histoire nationale unifi\u00e9e \u2014, et d&#8217;autre part<\/p>\n\n\n\n<p>\u00e0 s&#8217;assimiler \u00e0 l&#8217;espace blanc, chr\u00e9tien et s\u00e9culier de l&#8217;\u00e9tat moderne,<\/p>\n\n\n\n<p>en tant que citoyennes et citoyens individuels, et plus tard,<\/p>\n\n\n\n<p>en tant que nation se conformant<\/p>\n\n\n\n<p>\u00e0 un \u00e9tat chr\u00e9tien mod\u00e8le mais fait pour les Juifs et en leur nom.<\/p>\n\n\n\n<p>Sans le soutien des puissances imp\u00e9riales euro-am\u00e9ricaines,<\/p>\n\n\n\n<p>le sionisme et son r\u00e9gime colonial en Palestine n&#8217;auraient pas surv\u00e9cu,<\/p>\n\n\n\n<p>et une autre formation politique, cherchant \u00e0 r\u00e9parer les blessures et les injustices<\/p>\n\n\n\n<p>caus\u00e9es par le projet tragique qu&#8217;est la colonisation de la Palestine,<\/p>\n\n\n\n<p>aurait pu voir le jour il y a longtemps.<\/p>\n\n\n\n<p>Chacune des solutions \u00e0 la \u00ab question juive \u00bb et \u00e0 la \u00ab question de la Palestine \u00bb<\/p>\n\n\n\n<p>invent\u00e9es et soutenues par les puissances euro-am\u00e9ricaines<\/p>\n\n\n\n<p>et les technologies imp\u00e9riales,<\/p>\n\n\n\n<p>dissimulent le vrai probl\u00e8me qui a produit ces questions \u2014 l&#8217;Europe<\/p>\n\n\n\n<p>et l&#8217;Occident en g\u00e9n\u00e9ral !<\/p>\n\n\n\n<p>L&#8217;id\u00e9e du sionisme est n\u00e9e comme une solution europ\u00e9enne<\/p>\n\n\n\n<p>pour les populations juives con\u00e7ues comme un probl\u00e8me,<\/p>\n\n\n\n<p>et elle a aussi servi \u00e0 r\u00e9soudre la question de la Palestine.<\/p>\n\n\n\n<p>Le signal de lancement de la destruction de la Palestine<\/p>\n\n\n\n<p>fut donn\u00e9 par les puissances imp\u00e9riales le 29 novembre 1947,<\/p>\n\n\n\n<p>quand l&#8217;ONU prit sa r\u00e9solution sur le partage de la Palestine<\/p>\n\n\n\n<p>contre la majorit\u00e9 des Palestiniennes et des Palestiniens<\/p>\n\n\n\n<p>qui habitaient la Palestine, et contre les Juives et les Juifs du monde entier<\/p>\n\n\n\n<p>qui n&#8217;avaient pas choisi la voie sioniste.<\/p>\n\n\n\n<figure class=\"wp-block-image\"><img decoding=\"async\" src=\"https:\/\/www.xn--assig-e-s-e4ab.com\/images\/easyblog_articles\/13\/b2ap3_thumbnail_caireazoulay.png\" alt=\"\"\/><\/figure>\n\n\n\n<p>[CAIRE, BAGDAD, BEYROUTH, D\u00c9CEMBRE 1947]<\/p>\n\n\n\n<p>Au Caire, \u00e0 Bagdad, \u00e0 Beyrouth, en Palestine, les gens manifest\u00e8rent contre<\/p>\n\n\n\n<p>la r\u00e9solution de l&#8217;ONU sur la partition de la Palestine.<\/p>\n\n\n\n<p>Ils en connaissaient d\u00e9j\u00e0 assez sur le colonialisme europ\u00e9en pour savoir<\/p>\n\n\n\n<p>que ce \u00e0 quoi ils s&#8217;opposaient \u00e9tait la violence g\u00e9nocidaire<\/p>\n\n\n\n<p>requise pour mener \u00e0 bien la partition de la Palestine.<\/p>\n\n\n\n<p>Seules notre perception endommag\u00e9e et nos m\u00e9moires bris\u00e9es<\/p>\n\n\n\n<p>peuvent nous laisser croire que parmi ces foules immenses,<\/p>\n\n\n\n<p>il n&#8217;y avait pas aussi de nombreuses juives et juifs,<\/p>\n\n\n\n<p>dont les vies au sein des mondes juifs musulmans maintenant menac\u00e9s<\/p>\n\n\n\n<p>\u00e9taient entrem\u00eal\u00e9es aux luttes anticoloniales.<br><\/p>\n\n\n\n<p>Voici ce que Siril Shirizi, un des fondateurs de la Ligue juive antisioniste<\/p>\n\n\n\n<p>du Caire, un groupe d&#8217;activistes juifs arabes oppos\u00e9 \u00e0 la partition, \u00e9crivait en 1947<\/p>\n\n\n\n<p>\u2014 peut-\u00eatre est-il au milieu des manifestants photographi\u00e9s au Caire :<br><\/p>\n\n\n\n<p><em>Hommes juifs ! Femmes juives !<\/em><\/p>\n\n\n\n<p><em>Le sionisme veut nous lancer dans une aventure dangereuse et sans espoir.<\/em><\/p>\n\n\n\n<p><em>Le sionisme contribue \u00e0 rendre la Palestine inhabitable.<\/em><\/p>\n\n\n\n<p><em>Le sionisme veut nous isoler du peuple \u00e9gyptien.<\/em><\/p>\n\n\n\n<p><em>Le sionisme est l&#8217;ennemi des Juifs.<\/em><\/p>\n\n\n\n<p><em>\u00c0 bas le sionisme ! Vive la fraternit\u00e9 des Juifs et des Arabes !<\/em><\/p>\n\n\n\n<p><em>Longue vie au peuple \u00e9gyptien !<\/em><\/p>\n\n\n\n<figure class=\"wp-block-image\"><img decoding=\"async\" src=\"https:\/\/www.xn--assig-e-s-e4ab.com\/images\/easyblog_articles\/13\/b2ap3_thumbnail_03_Mamila_Jerusalem_Dec_1947-copy.jpeg\" alt=\"\"\/><\/figure>\n\n\n\n<p>[FIG. 6, PALESTINE, D\u00c9CEMBRE 1947]<\/p>\n\n\n\n<p>Ce sont les derni\u00e8res photographies des mondes<\/p>\n\n\n\n<p>que les colonialismes europ\u00e9ens et sionistes ont d\u00e9truit.<\/p>\n\n\n\n<p>Les juives et les juifs ne pourraient plus \u00eatre consid\u00e9r\u00e9s<\/p>\n\n\n\n<p>comme partie int\u00e9grante de leurs mondes ancestraux,<\/p>\n\n\n\n<p>et les Palestiniennes et les Palestiniens ne pourraient plus \u00eatre consid\u00e9r\u00e9s<\/p>\n\n\n\n<p>comme les gardiens de leur pays,<\/p>\n\n\n\n<p>sans en m\u00eame temps \u00eatre con\u00e7us comme une menace<\/p>\n\n\n\n<p>pour les habitantes et les habitants juifs de la Palestine,<\/p>\n\n\n\n<p>ils ne pourraient plus agir comme des sujets politiques qui s&#8217;opposent<\/p>\n\n\n\n<p>\u00e0 un projet g\u00e9nocidaire impos\u00e9 par une minorit\u00e9<\/p>\n\n\n\n<p>ni m\u00eame mettre en garde contre ce projet.<\/p>\n\n\n\n<p>Dans toutes les photos prises ult\u00e9rieurement dans cette r\u00e9gion, juifs et Palestiniens<\/p>\n\n\n\n<p>sont pr\u00e9sum\u00e9s ennemis, occupant des positions<\/p>\n\n\n\n<p>cr\u00e9\u00e9es pour eux par l&#8217;Europe et les \u00c9tats-Unis,<\/p>\n\n\n\n<p>dont le r\u00f4le dans cette histoire g\u00e9nocidaire<\/p>\n\n\n\n<p>doit \u00eatre reconnu avant et au-del\u00e0 du g\u00e9nocide en cours \u00e0 Gaza,<\/p>\n\n\n\n<p>pour que la d\u00e9colonisation puisse \u00eatre imagin\u00e9e de fond en comble,<\/p>\n\n\n\n<p>depuis l&#8217;h\u00e9ritage colonial des guerres napol\u00e9oniennes, depuis les croisades,<\/p>\n\n\n\n<p>depuis l&#8217;expulsion des Juifs et des Musulmans d&#8217;Espagne.<\/p>\n\n\n\n<p>C&#8217;est \u00e0 partir de ce moment-l\u00e0 que les sionistes<\/p>\n\n\n\n<p>(qui, jusqu&#8217;\u00e0 la cr\u00e9ation de l&#8217;\u00e9tat, venaient principalement d&#8217;Europe),<\/p>\n\n\n\n<p>ont gagn\u00e9 en emprise sur bien des juives et des juifs qui n&#8217;\u00e9taient pas sionistes,<\/p>\n\n\n\n<p>et les ont colonis\u00e9s par la migration provoqu\u00e9e et forc\u00e9e du monde juif musulman<\/p>\n\n\n\n<p>en Afrique du Nord et au Moyen Orient, les ont endoctrin\u00e9s<\/p>\n\n\n\n<p>pour en faire des sionistes, et en agissant comme leurs repr\u00e9sentants,<\/p>\n\n\n\n<p>ont veill\u00e9 \u00e0 ce qu&#8217;ils et elles ne puissent agir \u00e0 l&#8217;ext\u00e9rieur<\/p>\n\n\n\n<p>du cadre d\u00e9termin\u00e9 par leur violence \u2014 une violence que Walter Benjamin<\/p>\n\n\n\n<p>a d\u00e9crite comme constitutive de la loi, impos\u00e9e comme la loi, et dont la pr\u00e9servation<\/p>\n\n\n\n<p>requiert l&#8217;exercice ind\u00e9fini de la violence, comme on peut le voir aujourd&#8217;hui.<\/p>\n\n\n\n<p>La loi cr\u00e9\u00e9e par cette violence \u00e9tablit une guerre entre \u00ab deux c\u00f4t\u00e9s \u00bb,<\/p>\n\n\n\n<p>\u00ab deux c\u00f4t\u00e9s \u00bb dont la cr\u00e9ation, bien entendu, s&#8217;est faite dans un d\u00e9luge de violence.<\/p>\n\n\n\n<p>Le but de la violence sioniste, donc, est \u00e0 la fois de solidifier et de maintenir<\/p>\n\n\n\n<p>ces \u00ab deux c\u00f4t\u00e9s \u00bb de fa\u00e7on \u00e0 ce que le mot \u00ab Palestinien \u00bb<\/p>\n\n\n\n<p>ne d\u00e9signe plus un habitant de la Palestine,<\/p>\n\n\n\n<p>mais l&#8217;ennemi de celles et ceux qui sont devenus les habitants de l&#8217;\u00e9tat d&#8217;Isra\u00ebl,<\/p>\n\n\n\n<p>cr\u00e9\u00e9 en Palestine pour \u00e9liminer la Palestine.<\/p>\n\n\n\n<p>C&#8217;est pour cela que je le r\u00e9p\u00e8te :<\/p>\n\n\n\n<p>je suis une Juive palestinienne, qui revendique une identit\u00e9 rendue hors-la-loi.<\/p>\n\n\n\n<p>Nous devons nous souvenir que jusqu&#8217;\u00e0 la Seconde Guerre mondiale,<\/p>\n\n\n\n<p>le mouvement sioniste \u00e9tait anodin, qu&#8217;il n&#8217;attirait<\/p>\n\n\n\n<p>que tr\u00e8s peu de juives et de juifs dans le monde.<\/p>\n\n\n\n<p>Apr\u00e8s la Seconde Guerre mondiale, la situation des Juives et des Juifs en Europe<\/p>\n\n\n\n<p>devait \u00eatre radicalement transform\u00e9e, alors m\u00eame que<\/p>\n\n\n\n<p>les technologies qui les avaient racialis\u00e9s et extermin\u00e9s, avec bien d&#8217;autres groupes,<\/p>\n\n\n\n<p>des technologies qui auraient d\u00fb \u00eatre abolies,<\/p>\n\n\n\n<p>furent en fait pr\u00e9serv\u00e9es et prot\u00e9g\u00e9es par le droit international.<\/p>\n\n\n\n<p>Nazis et juifs furent exceptionnalis\u00e9s pour innocenter l&#8217;Europe.<\/p>\n\n\n\n<p>Plut\u00f4t que d&#8217;abolir l&#8217;Europe et ses technologies racialisantes,<\/p>\n\n\n\n<p>l&#8217;Occident \u00ab offrit \u00bb aux sionistes la cr\u00e9ation d&#8217;un \u00e9tat<\/p>\n\n\n\n<p>\u00e9quip\u00e9 de toutes les technologies imp\u00e9riales<\/p>\n\n\n\n<p>invent\u00e9es et mises en place par l&#8217;Europe en Am\u00e9rique, en Asie et en Afrique.<\/p>\n\n\n\n<p>Depuis lors, les sionistes, \u00e9paul\u00e9s par celles et ceux qui les soutiennent,<\/p>\n\n\n\n<p>parlent pour les Juives et les Juifs et agissent en leur nom.<\/p>\n\n\n\n<p>Cela n&#8217;aurait pas \u00e9t\u00e9 possible sans la transformation de l&#8217;Holocauste<\/p>\n\n\n\n<p>en un exemple de souffrance universelle incomparable,<\/p>\n\n\n\n<p>inflig\u00e9e par un ennemi exceptionnel et incomparable,<\/p>\n\n\n\n<p>de mani\u00e8re \u00e0 dissiper les similitudes et les continuit\u00e9s<\/p>\n\n\n\n<p>avec les technologies g\u00e9nocidaires utilis\u00e9es par les autres puissances europ\u00e9ennes<\/p>\n\n\n\n<p>dans leur colonies et ailleurs, et par l&#8217;\u00e9tat d&#8217;Isra\u00ebl lui-m\u00eame<\/p>\n\n\n\n<p>contre les Palestiniennes et les Palestiniens.<\/p>\n\n\n\n<p>Avec la cr\u00e9ation de l&#8217;\u00e9tat d&#8217;Isra\u00ebl, des si\u00e8cles de vie commune<\/p>\n\n\n\n<p>entre juifs et musulmans ont \u00e9t\u00e9 d\u00e9truits, condamn\u00e9s \u00e0 l&#8217;oubli,<\/p>\n\n\n\n<p>et rendus difficiles ne serait-ce qu&#8217;\u00e0 imaginer.<\/p>\n\n\n\n<p>La destruction de ce monde n&#8217;est pas une coincidence mais un crime imp\u00e9rial.<\/p>\n\n\n\n<p>C&#8217;est le r\u00e9sultat de l&#8217;invention de ces deux questions entrem\u00eal\u00e9es<\/p>\n\n\n\n<p>la \u00ab question juive \u00bb et la \u00ab question de la Palestine \u00bb,<\/p>\n\n\n\n<p>qui a fait de la Palestine, des Palestiniennes et des Palestiniens<\/p>\n\n\n\n<p>les ennemis des juives et des juifs, et vice versa ;<\/p>\n\n\n\n<p>Les Juives et les Juifs furent associ\u00e9s de force aux sionistes<\/p>\n\n\n\n<p>et au peuple juif que les sionistes pr\u00e9tendent repr\u00e9senter ;<\/p>\n\n\n\n<p>et de cette mani\u00e8re, quelle que soit leur histoire<\/p>\n\n\n\n<p>m\u00eame si elles et ils se sont oppos\u00e9s au r\u00e9gime colonial en Palestine \u2014<\/p>\n\n\n\n<p>on a fait des Juives et des Juifs les ennemis des Palestiniennes et des Palestiniens,<\/p>\n\n\n\n<p>des Arabes, des Musulmanes et des Musulmans.<\/p>\n\n\n\n<p>Ainsi, une triple destruction fut la solution \u00e0 cette double question :<\/p>\n\n\n\n<p>celle de la Palestine, celle de la diversit\u00e9 des communaut\u00e9s juives,<\/p>\n\n\n\n<p>et celle des communaut\u00e9s juives musulmanes de par le monde.<\/p>\n\n\n\n<p>Jusqu&#8217;aujourd&#8217;hui, cette technologie europ\u00e9enne de racialisation,<\/p>\n\n\n\n<p>exacerb\u00e9e dans sa variante am\u00e9ricaine,<\/p>\n\n\n\n<p>est utilis\u00e9e pour maintenir la division entre Juifs et Palestiniens,<\/p>\n\n\n\n<p>entre Juifs et Arabes, comme si c&#8217;\u00e9tait l\u00e0 des cat\u00e9gories<\/p>\n\n\n\n<p>qui s&#8217;excluaient mutuellement, et pour effacer le souvenir<\/p>\n\n\n\n<p>de l&#8217;existence d&#8217;un monde juif musulman,<\/p>\n\n\n\n<p>tout en nourrissant l&#8217;invention d&#8217;une pr\u00e9tendue \u00ab tradition jud\u00e9o-chr\u00e9tienne .\u00bb<\/p>\n\n\n\n<p>Au lendemain de la Seconde Guerre mondiale,<\/p>\n\n\n\n<p>l&#8217;invention de cette tradition a permis \u00e0 l&#8217;Europe de se r\u00e9inventer<\/p>\n\n\n\n<p>en tant que sauveuse des Juifs.<\/p>\n\n\n\n<p>Elle a d\u00e9termin\u00e9 qui les Juives et les Juifs pouvaient devenir,<\/p>\n\n\n\n<p>comment elles et ils pouvaient parler et agir dans ce monde.<\/p>\n\n\n\n<p>Les Juives et les Juifs ont \u00e9t\u00e9 forc\u00e9s d&#8217;adh\u00e9rer aux assignations de cette tradition,<\/p>\n\n\n\n<p>sous peine de redevenir une fois de plus un probl\u00e8me \u00e0 r\u00e9soudre par l&#8217;Europe.<\/p>\n\n\n\n<p>Si nous refusons de l&#8217;oublier, alors nous ne pouvons plus voir<\/p>\n\n\n\n<p>la Palestine comme une zone de guerre qui oppose uniquement<\/p>\n\n\n\n<p>Isra\u00e9liens et Palestiniens, et notre imaginaire d\u00e9colonial se doit de la d\u00e9passer<\/p>\n\n\n\n<p>pour inclure la d\u00e9colonisation du monde fabriqu\u00e9<\/p>\n\n\n\n<p>par les puissances euro-am\u00e9ricaines.<\/p>\n\n\n\n<p>Le soutien \u00e0 l&#8217;\u00e9tat d&#8217;Isra\u00ebl accord\u00e9 par ces puissances imp\u00e9riales<\/p>\n\n\n\n<p>sous forme d&#8217;argent, d&#8217;armes, de lois interdisant de manifester ou de dire la v\u00e9rit\u00e9,<\/p>\n\n\n\n<p>atteste, une fois de plus, que l&#8217;int\u00e9r\u00eat de ces puissances<\/p>\n\n\n\n<p>est de maintenir les Isra\u00e9liens dans leur r\u00f4le de mercenaires de l&#8217;Occident<\/p>\n\n\n\n<p>contre les Palestiniennes et les Palestiniens, contre les Arabes,<\/p>\n\n\n\n<p>contre les Musulmanes et les Musulmans.<\/p>\n\n\n\n<p>La dissension parmi les Juives et les Juifs apr\u00e8s la Seconde Guerre mondiale,<\/p>\n\n\n\n<p>n&#8217;a pas eu beaucoup de choix \u2014 si elles et ils ne voulaient pas<\/p>\n\n\n\n<p>partir en Isra\u00ebl \u2014 si ce n&#8217;est d&#8217;adh\u00e9rer aux assignations de cette tradition<\/p>\n\n\n\n<p>jud\u00e9o-chr\u00e9tienne, invent\u00e9e pour les r\u00e9duire au silence<\/p>\n\n\n\n<p>et pour les forcer \u00e0 accepter cette nouvelle histoire fabriqu\u00e9e.<\/p>\n\n\n\n<p>Cette dissension passe aujourd&#8217;hui par le ravivement de nos traditions ancestrales,<\/p>\n\n\n\n<p>par le refus de nous reconna\u00eetre dans un pouvoir d&#8217;\u00e9tat et<\/p>\n\n\n\n<p>par la r\u00e9paration des ruines de ce monde, le <em>tikkun olam<\/em>.<\/p>\n\n\n\n<p>La d\u00e9colonisation de la Palestine du r\u00e9gime de la colonisation n&#8217;est pas<\/p>\n\n\n\n<p>qu&#8217;un projet palestinien, c&#8217;est aussi un projet juif.<\/p>\n\n\n\n<p>Beaucoup d&#8217;entre nous, Juives et Juifs de la diaspora, sont engag\u00e9s dans ce projet,<\/p>\n\n\n\n<p>dans notre qu\u00eate pour nous lib\u00e9rer du sionisme \u2014 une lutte qui implique aussi<\/p>\n\n\n\n<p>le ravivement des mondes juifs ancestraux qui pr\u00e9c\u00e9d\u00e8rent le sionisme<\/p>\n\n\n\n<p>et qui perdureront bien apr\u00e8s sa disparition.<\/p>\n\n\n\n<p>Nous nous opposons \u00e0 l&#8217;amalgame entre Isra\u00e9liens et Juifs,<\/p>\n\n\n\n<p>entre Isra\u00ebl et le juda\u00efsme,<\/p>\n\n\n\n<p>un amalgame qui nous a \u00e9t\u00e9 impos\u00e9 par le discours sioniste<\/p>\n\n\n\n<p>et qui est soutenu par tant d&#8217;\u00e9tats occidentaux<\/p>\n\n\n\n<p>qui criminalisent la critique d&#8217;Isra\u00ebl en la qualifiant d&#8217;antis\u00e9mitisme,<\/p>\n\n\n\n<p>et tentent de r\u00e9duire au silence les Juives et les Juifs<\/p>\n\n\n\n<p>qui refusent de soutenir l&#8217;\u00e9tat d&#8217;Isra\u00ebl.<\/p>\n\n\n\n<p>Si le g\u00e9nocide est imminent \u00e0 tout r\u00e9gime colonial de peuplement,<\/p>\n\n\n\n<p>la d\u00e9colonisation est elle aussi imminente \u00e0 ces r\u00e9gimes.<\/p>\n\n\n\n<p>La d\u00e9colonisation peut \u00eatre violente si les Isra\u00e9liennes et les Isra\u00e9liens<\/p>\n\n\n\n<p>continuent \u00e0 d\u00e9nier aux Palestiniennes et aux Palestiniens<\/p>\n\n\n\n<p>le droit \u00e0 la libert\u00e9, \u00e0 la justice et au retour ;<\/p>\n\n\n\n<p>ou bien elle peut \u00eatre douloureuse \u2013 mais aussi lib\u00e9ratrice<\/p>\n\n\n\n<p>pour nous toutes et tous \u2013 si les Isra\u00e9liennes et les Isra\u00e9liens<\/p>\n\n\n\n<p>reconnaissent enfin que les Palestiniennes et les Palestiniens<\/p>\n\n\n\n<p>ne sont pas leurs ennemis et qu&#8217;ils peuvent cesser d&#8217;agir<\/p>\n\n\n\n<p>comme les mercenaires de l&#8217;Occident dans sa guerre<\/p>\n\n\n\n<p>contre les Arabes et l&#8217;Islam au Moyen-Orient<\/p>\n\n\n\n<p>et contre les Palestiniennes et les Palestiniens localement.<\/p>\n\n\n\n<p>La libert\u00e9 de la Palestine est aussi la libert\u00e9 des Juives et des Juifs,<\/p>\n\n\n\n<p>et pour l&#8217;atteindre, les Juives et les Juifs doivent se lib\u00e9rer de ce r\u00e9gime colonial,<\/p>\n\n\n\n<p>qui leur a d\u00e9rob\u00e9 la diversit\u00e9 de leurs histoires.<\/p>\n\n\n\n<p>Nous, juives et juifs musulmans, juives et juifs dont les anc\u00eatres<\/p>\n\n\n\n<p>furent d\u00e9racin\u00e9s d&#8217;un monde en partage avec les musulmanes et les musulmans,<\/p>\n\n\n\n<p>nous nous opposons \u00e0 la r\u00e9organisation du monde<\/p>\n\n\n\n<p>par ces projets coloniaux qui nous emp\u00eachent de vivre<\/p>\n\n\n\n<p>parmi les musulmanes et les musulmans, comme nos anc\u00eatres l&#8217;ont toujours fait.<\/p>\n\n\n\n<p>Nous devons nous lib\u00e9rer de la terreur europ\u00e9enne, cette terreur sioniste,<\/p>\n\n\n\n<p>et oeuvrer \u00e0 la d\u00e9colonisation &#8211; et \u00e0 la d\u00e9-nationalisation &#8211; des populations juives,<\/p>\n\n\n\n<p>afin de redevenir un probl\u00e8me pour le \u00ab nouvel ordre mondial \u00bb euro-am\u00e9ricain,<\/p>\n\n\n\n<p>et de rejoindre les autres groupes racialis\u00e9s par l&#8217;Europe,<\/p>\n\n\n\n<p>insoumis \u00e0 l&#8217;ordre global racial,<\/p>\n\n\n\n<p>en refusant d&#8217;incarner les probl\u00e8mes ou les solutions,<\/p>\n\n\n\n<p>et en ravivant un monde juif musulman partag\u00e9, contre ce<\/p>\n\n\n\n<p>nouvel ordre racial mondial, qui n&#8217;est qu&#8217;une autre solution euro-am\u00e9ricaine<\/p>\n\n\n\n<p>impos\u00e9e comme fin \u00e0 la Seconde Guerre mondiale.<\/p>\n\n\n\n<p>Habiter le monde juif musulman et le laisser s&#8217;\u00e9panouir<\/p>\n\n\n\n<p>est ins\u00e9parable de la d\u00e9colonisation de la Palestine,<\/p>\n\n\n\n<p>qui ne pourra \u00eatre r\u00e9par\u00e9e et devenir un v\u00e9ritable horizon pour la d\u00e9colonisation<\/p>\n\n\n\n<p>que si, ensemble, nous d\u00e9mantelons les technologies imp\u00e9riales<\/p>\n\n\n\n<p>qui permirent cette destruction, que si nous nous battons pour abolir<\/p>\n\n\n\n<p>les technologies europ\u00e9ennes de racialisation.<\/p>\n\n\n\n<p>La d\u00e9colonisation de la Palestine est ins\u00e9parable<\/p>\n\n\n\n<p>de la d\u00e9colonisation des juives et des juifs.<\/p>\n\n\n\n<p>Partisanes et partisans de la d\u00e9colonisation, nous ne pouvons aspirer \u00e0 une solution<\/p>\n\n\n\n<p>qui promettrait de transformer la Palestine en un \u00e9tat-nation \u00ab moderne \u00bb.<\/p>\n\n\n\n<p>Nous devons <em>revenir<\/em> \u00e0 ce qui a \u00e9t\u00e9 d\u00e9truit, aux ruines et aux possibilit\u00e9s<\/p>\n\n\n\n<p>qu&#8217;on exila comme relevant du \u00ab pass\u00e9 \u00bb.<\/p>\n\n\n\n<p>Nous devons les reconstruire et les ressusciter avec et au nom de<\/p>\n\n\n\n<p>celles et ceux qui furent colonis\u00e9s et expuls\u00e9s,<\/p>\n\n\n\n<p>avec et au nom de leurs descendantes et descendants.<\/p>\n\n\n\n<p>Les ruines doivent \u00eatre habit\u00e9es avant d&#8217;\u00eatre r\u00e9par\u00e9es,<\/p>\n\n\n\n<p>une r\u00e9paration lente qui s&#8217;appuiera sur les multiples et<\/p>\n\n\n\n<p>diverses formations de soin et de protection<\/p>\n\n\n\n<p>sociale, politique, spirituelle qui furent d\u00e9truites par les technologies europ\u00e9ennes<\/p>\n\n\n\n<p>de violence et de droit colonial et international<\/p>\n\n\n\n<p>impos\u00e9es \u00e0 toute loi commune pr\u00e9-coloniale.<\/p>\n\n\n\n<p>Ce sont les formations qui organis\u00e8rent autrefois le monde juif musulman,<\/p>\n\n\n\n<p>et elles peuvent \u00eatre raviv\u00e9es, continu\u00e9es et amend\u00e9es.<\/p>\n\n\n\n<p>Cette d\u00e9colonisation jumelle nous oblige \u00e0 <em>revenir<\/em> aux monceaux de ruines \u2014<\/p>\n\n\n\n<p>dont beaucoup n&#8217;ont pas m\u00eame \u00e9t\u00e9 approch\u00e9s \u2014 et \u00e0 les habiter,<\/p>\n\n\n\n<p>\u00e0 r\u00e9parer les communaut\u00e9s d\u00e9truites, \u00e0 ressusciter la terre, \u00e0 gu\u00e9rir les blessures,<\/p>\n\n\n\n<p>\u00e0 demander Pardon aux Palestiniens sans attendre d&#8217;\u00eatre pardonn\u00e9es,<\/p>\n\n\n\n<p>non pas pour racheter celles et ceux qui ont commis des crimes<\/p>\n\n\n\n<p>mais pour r\u00e9aliser la conviction de l&#8217;humanit\u00e9 qu&#8217;en Palestine, la d\u00e9colonisation<\/p>\n\n\n\n<p>ne pourra se faire dans les termes g\u00e9nocidaires euro-am\u00e9ricains,<\/p>\n\n\n\n<p>qu&#8217;en Palestine, seront abolies les lois racialisantes de l&#8217;empire<\/p>\n\n\n\n<p>qui ont men\u00e9 \u00e0 tant de crimes contre l&#8217;humanit\u00e9.<\/p>\n\n\n\n<p>Le retour de la Palestine comme un lieu dans lequel les crimes ne sont pas effac\u00e9s<\/p>\n\n\n\n<p>par d&#8217;autres crimes.<\/p>\n\n\n\n<p>Le retour de la Palestine comme un lieu o\u00f9 nous appelons et invoquons<\/p>\n\n\n\n<p>nos divers anc\u00eatres pour nous guider \u00e0 raviver les potentialit\u00e9s<\/p>\n\n\n\n<p>qu&#8217;ils et elles virent \u00eatre d\u00e9truites, en sachant que c&#8217;\u00e9tait \u00e0 tort<\/p>\n\n\n\n<p>qu&#8217;on les d\u00e9crivaient comme (d\u00e9)pass\u00e9es.<\/p>\n\n\n\n<p><sup>1<\/sup> Ariella A\u00efsha Azoulay, Potential history &#8211; Unlearning Imperialism (Verso, 2019).<\/p>\n\n\n\n<p><strong>Biographie de l&#8217;auteure :<\/strong> Ariella A\u00efsha Azoulay est professeure de Culture moderne et m\u00e9diatique ainsi que de Litt\u00e9rature compar\u00e9e \u00e0 l&#8217;Universit\u00e9 Brown. Elle est \u00e9galement essayiste cin\u00e9matographique et commissaire d&#8217;archives et d&#8217;expositions. Parmi ses ouvrages, on trouve : &#8220;Potential History \u2013 Unlearning Imperialism&#8221; (Verso, 2019) ; &#8220;Civil Imagination: The Political Ontology of Photography&#8221; (Verso, 2012) ; &#8220;The Civil Contract of Photography&#8221; (Zone Books, 2008) ; et &#8220;From Palestine to Israel: A Photographic Record of Destruction and State Formation, 1947-1950&#8221; (Pluto Press, 2011). Certains de ses films comprennent &#8220;Un-Documented \u2013 Undoing Imperial Plunder&#8221; (2019) et &#8220;Civil Alliances, Palestine, 47-48&#8221; (2012).&nbsp;<\/p>\n","protected":false},"excerpt":{"rendered":"<p>Ce texte est une traduction re-travaill\u00e9e par Ariella A\u00efsha Azoulay en tenant compte de l&#8217;\u00e9volution de la situation en Palestine. Publi\u00e9 sous sa premi\u00e8re version sur Jadaliyya, nous avons souhait\u00e9 le traduire entre juifs et musulmans du continuum colonial fran\u00e7ais, avec la participation de l&#8217;auteure, de Malek Cheikh et de Y, tous trois issues de [&hellip;]<\/p>\n","protected":false},"author":1,"featured_media":12,"comment_status":"open","ping_status":"open","sticky":false,"template":"","format":"standard","meta":{"om_disable_all_campaigns":false,"_monsterinsights_skip_tracking":false,"_monsterinsights_sitenote_active":false,"_monsterinsights_sitenote_note":"","_monsterinsights_sitenote_category":0,"footnotes":""},"categories":[6],"tags":[],"class_list":["post-10","post","type-post","status-publish","format-standard","has-post-thumbnail","hentry","category-colonialisme"],"aioseo_notices":[],"_links":{"self":[{"href":"https:\/\/assiegees.com\/index.php\/wp-json\/wp\/v2\/posts\/10","targetHints":{"allow":["GET"]}}],"collection":[{"href":"https:\/\/assiegees.com\/index.php\/wp-json\/wp\/v2\/posts"}],"about":[{"href":"https:\/\/assiegees.com\/index.php\/wp-json\/wp\/v2\/types\/post"}],"author":[{"embeddable":true,"href":"https:\/\/assiegees.com\/index.php\/wp-json\/wp\/v2\/users\/1"}],"replies":[{"embeddable":true,"href":"https:\/\/assiegees.com\/index.php\/wp-json\/wp\/v2\/comments?post=10"}],"version-history":[{"count":1,"href":"https:\/\/assiegees.com\/index.php\/wp-json\/wp\/v2\/posts\/10\/revisions"}],"predecessor-version":[{"id":13,"href":"https:\/\/assiegees.com\/index.php\/wp-json\/wp\/v2\/posts\/10\/revisions\/13"}],"wp:featuredmedia":[{"embeddable":true,"href":"https:\/\/assiegees.com\/index.php\/wp-json\/wp\/v2\/media\/12"}],"wp:attachment":[{"href":"https:\/\/assiegees.com\/index.php\/wp-json\/wp\/v2\/media?parent=10"}],"wp:term":[{"taxonomy":"category","embeddable":true,"href":"https:\/\/assiegees.com\/index.php\/wp-json\/wp\/v2\/categories?post=10"},{"taxonomy":"post_tag","embeddable":true,"href":"https:\/\/assiegees.com\/index.php\/wp-json\/wp\/v2\/tags?post=10"}],"curies":[{"name":"wp","href":"https:\/\/api.w.org\/{rel}","templated":true}]}}